{"id":2429,"date":"2026-05-02T23:08:15","date_gmt":"2026-05-02T21:08:15","guid":{"rendered":"https:\/\/essc-online.de\/v1\/?p=2429"},"modified":"2026-05-02T23:08:18","modified_gmt":"2026-05-02T21:08:18","slug":"wettkampf-in-duisburg-und-essen","status":"publish","type":"post","link":"https:\/\/essc-online.de\/v1\/wettkampf-in-duisburg-und-essen\/","title":{"rendered":"Wettkampf in Duisburg und Essen"},"content":{"rendered":"\n<p>Ende Februar ging es f\u00fcr 17 Schwimmer*innen ins Ruhrgebiet wo gleich zwei Wettk\u00e4mpfe auf dem Programm standen. Zum einen fand der Duisburg Schwimm Team Wettkampf im *Schwimmstadion Wedau* statt, zum anderen veranstaltete die Startgemeinschaft Essen e.V. nicht weit entfernt die Essener Swim &amp; Fun Days, die zudem offiziell als \u201eRoad to DJM\u201c ausgeschrieben waren.<\/p>\n\n\n\n<p>W\u00e4hrend also die j\u00fcngeren Jahrg\u00e4nge vormittags in Duisburg bei einem der gr\u00f6\u00dften Wettk\u00e4mpfe der Region (mit rund 3.300 Starts) ins Wasser gingen, hie\u00df es f\u00fcr drei der \u00e4lteren Aktiven in Essen bei einem starken Teilnehmerfeld zu schauen, ob sie so fr\u00fch in der Saison schon die M\u00f6glichkeit haben, sich ein Ticket f\u00fcr die Deutschen Jahrgangsmeisterschaften zu holen. Ben Blasche, Emma R\u00fcter und Leonard Kunz sammelten zwar viel Erfahrung mit diesem gro\u00dfen Wettkampf und die Jungs verbesserten auch ihre pers\u00f6nlichen Bestzeiten, aber es reichte noch nicht f\u00fcr die ersehnte Qualifikation.<\/p>\n\n\n\n<p>Nachmittags hatten die j\u00fcngeren Schwimmer*innen dann Zeit f\u00fcr einen spannenden Bergwerksbesuch mit einer F\u00fchrung durch den Stollen und die Aktiven ab Jahrgang 2013 gingen dann in Duisburg ins Wasser.<\/p>\n\n\n\n<p>Die Ergebnisse in Duisburg konnten sich in allen Altersklassen sehen lassen: Bei insgesamt 94 Starts gab es 79 pers\u00f6nliche Bestzeiten sowie 33 Medaillen. Vier Schwimmer*innen schafften es sogar in ein Finale. Leonard Landwehrmann gelang dies gleich zweimal, er trat kurz hintereinander im 50 m Brust und 50 m Freistil Finale an und belegte hier Platz 6 und 4. Nazar Schupylo siegte im 50 m Schmetterling Finale, Johanna von Cleef verpasste im Finallauf \u00fcber 50m Brust mit Platz vier nur knapp das Podest. Leonard Kunz schwamm im offenen 50 m R\u00fccken Finale auf Platz 5.<\/p>\n\n\n\n<p>Mit dabei waren: Ben Blasche, Leopold Demel, Marthe Feenstra, Benjamin Glatzel, Mads Hachenburger, Leonard Kunz, Leonard Landwehrmann, Emanuel Lebkichler, Anton Piro, Amy Ronge, Emma R\u00fcter, Luca Schuler, Nazar Shupylo, Antonia Viechtbauer, Johanna von Cleef, Evi Wendt und Julia Wiedemann.<\/p>\n","protected":false},"excerpt":{"rendered":"<p>Ende Februar ging es f\u00fcr 17 Schwimmer*innen ins Ruhrgebiet wo gleich zwei Wettk\u00e4mpfe auf dem Programm standen. Zum einen fand der Duisburg Schwimm Team Wettkampf im *Schwimmstadion Wedau* statt, zum anderen veranstaltete die Startgemeinschaft Essen e.V. nicht weit entfernt die &hellip;<\/p>\n<p class=\"read-more\"> <a class=\"more-link\" href=\"https:\/\/essc-online.de\/v1\/wettkampf-in-duisburg-und-essen\/\"> <span class=\"screen-reader-text\">Wettkampf in Duisburg und Essen<\/span> Weiterlesen &raquo;<\/a><\/p>\n","protected":false},"author":7,"featured_media":0,"comment_status":"closed","ping_status":"open","sticky":false,"template":"","format":"standard","meta":{"_jetpack_memberships_contains_paid_content":false,"footnotes":""},"categories":[3,32,31],"tags":[],"class_list":["post-2429","post","type-post","status-publish","format-standard","hentry","category-aktuelles","category-schwimmsport","category-wettkampfschwimmen-2026"],"yoast_head":"<!-- This site is optimized with the Yoast SEO plugin v27.5 - https:\/\/yoast.com\/product\/yoast-seo-wordpress\/ -->\n<title>Wettkampf in Duisburg und Essen - Erster Sodener Schwimm-Club 1927 e.V.<\/title>\n<meta name=\"robots\" content=\"index, follow, max-snippet:-1, max-image-preview:large, max-video-preview:-1\" \/>\n<link rel=\"canonical\" href=\"https:\/\/essc-online.de\/v1\/wettkampf-in-duisburg-und-essen\/\" \/>\n<meta property=\"og:locale\" content=\"de_DE\" \/>\n<meta property=\"og:type\" content=\"article\" \/>\n<meta property=\"og:title\" content=\"Wettkampf in Duisburg und Essen - Erster Sodener Schwimm-Club 1927 e.V.\" \/>\n<meta property=\"og:description\" content=\"Ende Februar ging es f\u00fcr 17 Schwimmer*innen ins Ruhrgebiet wo gleich zwei Wettk\u00e4mpfe auf dem Programm standen. Zum einen fand der Duisburg Schwimm Team Wettkampf im *Schwimmstadion Wedau* statt, zum anderen veranstaltete die Startgemeinschaft Essen e.V. nicht weit entfernt die &hellip; Wettkampf in Duisburg und Essen Weiterlesen &raquo;\" \/>\n<meta property=\"og:url\" content=\"https:\/\/essc-online.de\/v1\/wettkampf-in-duisburg-und-essen\/\" \/>\n<meta property=\"og:site_name\" content=\"Erster Sodener Schwimm-Club 1927 e.V.\" \/>\n<meta property=\"article:published_time\" content=\"2026-05-02T21:08:15+00:00\" \/>\n<meta property=\"article:modified_time\" content=\"2026-05-02T21:08:18+00:00\" \/>\n<meta name=\"author\" content=\"Frank Bender\" \/>\n<meta name=\"twitter:card\" content=\"summary_large_image\" \/>\n<meta name=\"twitter:label1\" content=\"Verfasst von\" \/>\n\t<meta name=\"twitter:data1\" content=\"Frank Bender\" \/>\n\t<meta name=\"twitter:label2\" content=\"Gesch\u00e4tzte Lesezeit\" \/>\n\t<meta name=\"twitter:data2\" content=\"2\u00a0Minuten\" \/>\n<script type=\"application\/ld+json\" class=\"yoast-schema-graph\">{\"@context\":\"https:\\\/\\\/schema.org\",\"@graph\":[{\"@type\":\"Article\",\"@id\":\"https:\\\/\\\/essc-online.de\\\/v1\\\/wettkampf-in-duisburg-und-essen\\\/#article\",\"isPartOf\":{\"@id\":\"https:\\\/\\\/essc-online.de\\\/v1\\\/wettkampf-in-duisburg-und-essen\\\/\"},\"author\":{\"name\":\"Frank Bender\",\"@id\":\"https:\\\/\\\/essc-online.de\\\/v1\\\/#\\\/schema\\\/person\\\/31e43f8b9643670c68448a910ae1dcc4\"},\"headline\":\"Wettkampf in Duisburg und Essen\",\"datePublished\":\"2026-05-02T21:08:15+00:00\",\"dateModified\":\"2026-05-02T21:08:18+00:00\",\"mainEntityOfPage\":{\"@id\":\"https:\\\/\\\/essc-online.de\\\/v1\\\/wettkampf-in-duisburg-und-essen\\\/\"},\"wordCount\":322,\"publisher\":{\"@id\":\"https:\\\/\\\/essc-online.de\\\/v1\\\/#organization\"},\"articleSection\":[\"Aktuelles\",\"Schwimmsport\",\"Wettkampfschwimmen 2026\"],\"inLanguage\":\"de\"},{\"@type\":\"WebPage\",\"@id\":\"https:\\\/\\\/essc-online.de\\\/v1\\\/wettkampf-in-duisburg-und-essen\\\/\",\"url\":\"https:\\\/\\\/essc-online.de\\\/v1\\\/wettkampf-in-duisburg-und-essen\\\/\",\"name\":\"Wettkampf in Duisburg und Essen - Erster Sodener Schwimm-Club 1927 e.V.\",\"isPartOf\":{\"@id\":\"https:\\\/\\\/essc-online.de\\\/v1\\\/#website\"},\"datePublished\":\"2026-05-02T21:08:15+00:00\",\"dateModified\":\"2026-05-02T21:08:18+00:00\",\"breadcrumb\":{\"@id\":\"https:\\\/\\\/essc-online.de\\\/v1\\\/wettkampf-in-duisburg-und-essen\\\/#breadcrumb\"},\"inLanguage\":\"de\",\"potentialAction\":[{\"@type\":\"ReadAction\",\"target\":[\"https:\\\/\\\/essc-online.de\\\/v1\\\/wettkampf-in-duisburg-und-essen\\\/\"]}]},{\"@type\":\"BreadcrumbList\",\"@id\":\"https:\\\/\\\/essc-online.de\\\/v1\\\/wettkampf-in-duisburg-und-essen\\\/#breadcrumb\",\"itemListElement\":[{\"@type\":\"ListItem\",\"position\":1,\"name\":\"Startseite\",\"item\":\"https:\\\/\\\/essc-online.de\\\/v1\\\/\"},{\"@type\":\"ListItem\",\"position\":2,\"name\":\"Wettkampf in Duisburg und Essen\"}]},{\"@type\":\"WebSite\",\"@id\":\"https:\\\/\\\/essc-online.de\\\/v1\\\/#website\",\"url\":\"https:\\\/\\\/essc-online.de\\\/v1\\\/\",\"name\":\"Erster Sodener Schwimm-Club 1927 e.V.\",\"description\":\"\",\"publisher\":{\"@id\":\"https:\\\/\\\/essc-online.de\\\/v1\\\/#organization\"},\"potentialAction\":[{\"@type\":\"SearchAction\",\"target\":{\"@type\":\"EntryPoint\",\"urlTemplate\":\"https:\\\/\\\/essc-online.de\\\/v1\\\/?s={search_term_string}\"},\"query-input\":{\"@type\":\"PropertyValueSpecification\",\"valueRequired\":true,\"valueName\":\"search_term_string\"}}],\"inLanguage\":\"de\"},{\"@type\":\"Organization\",\"@id\":\"https:\\\/\\\/essc-online.de\\\/v1\\\/#organization\",\"name\":\"Erster Sodener Schwimm-Club 1927 e.V.\",\"url\":\"https:\\\/\\\/essc-online.de\\\/v1\\\/\",\"logo\":{\"@type\":\"ImageObject\",\"inLanguage\":\"de\",\"@id\":\"https:\\\/\\\/essc-online.de\\\/v1\\\/#\\\/schema\\\/logo\\\/image\\\/\",\"url\":\"https:\\\/\\\/i0.wp.com\\\/essc-online.de\\\/v1\\\/wp-content\\\/uploads\\\/2025\\\/12\\\/Logo_ESSC.png?fit=640%2C193&ssl=1\",\"contentUrl\":\"https:\\\/\\\/i0.wp.com\\\/essc-online.de\\\/v1\\\/wp-content\\\/uploads\\\/2025\\\/12\\\/Logo_ESSC.png?fit=640%2C193&ssl=1\",\"width\":640,\"height\":193,\"caption\":\"Erster Sodener Schwimm-Club 1927 e.V.\"},\"image\":{\"@id\":\"https:\\\/\\\/essc-online.de\\\/v1\\\/#\\\/schema\\\/logo\\\/image\\\/\"}},{\"@type\":\"Person\",\"@id\":\"https:\\\/\\\/essc-online.de\\\/v1\\\/#\\\/schema\\\/person\\\/31e43f8b9643670c68448a910ae1dcc4\",\"name\":\"Frank Bender\",\"image\":{\"@type\":\"ImageObject\",\"inLanguage\":\"de\",\"@id\":\"https:\\\/\\\/secure.gravatar.com\\\/avatar\\\/64c823cc3cf6656e3d4344f8cd7255fd7e47af8f1c60cf5ecae694d9dab25099?s=96&d=mm&r=g\",\"url\":\"https:\\\/\\\/secure.gravatar.com\\\/avatar\\\/64c823cc3cf6656e3d4344f8cd7255fd7e47af8f1c60cf5ecae694d9dab25099?s=96&d=mm&r=g\",\"contentUrl\":\"https:\\\/\\\/secure.gravatar.com\\\/avatar\\\/64c823cc3cf6656e3d4344f8cd7255fd7e47af8f1c60cf5ecae694d9dab25099?s=96&d=mm&r=g\",\"caption\":\"Frank Bender\"},\"url\":\"https:\\\/\\\/essc-online.de\\\/v1\\\/author\\\/fb\\\/\"}]}<\/script>\n<!-- \/ Yoast SEO plugin. -->","yoast_head_json":{"title":"Wettkampf in Duisburg und Essen - Erster Sodener Schwimm-Club 1927 e.V.","robots":{"index":"index","follow":"follow","max-snippet":"max-snippet:-1","max-image-preview":"max-image-preview:large","max-video-preview":"max-video-preview:-1"},"canonical":"https:\/\/essc-online.de\/v1\/wettkampf-in-duisburg-und-essen\/","og_locale":"de_DE","og_type":"article","og_title":"Wettkampf in Duisburg und Essen - Erster Sodener Schwimm-Club 1927 e.V.","og_description":"Ende Februar ging es f\u00fcr 17 Schwimmer*innen ins Ruhrgebiet wo gleich zwei Wettk\u00e4mpfe auf dem Programm standen. Zum einen fand der Duisburg Schwimm Team Wettkampf im *Schwimmstadion Wedau* statt, zum anderen veranstaltete die Startgemeinschaft Essen e.V. nicht weit entfernt die &hellip; Wettkampf in Duisburg und Essen Weiterlesen &raquo;","og_url":"https:\/\/essc-online.de\/v1\/wettkampf-in-duisburg-und-essen\/","og_site_name":"Erster Sodener Schwimm-Club 1927 e.V.","article_published_time":"2026-05-02T21:08:15+00:00","article_modified_time":"2026-05-02T21:08:18+00:00","author":"Frank Bender","twitter_card":"summary_large_image","twitter_misc":{"Verfasst von":"Frank Bender","Gesch\u00e4tzte Lesezeit":"2\u00a0Minuten"},"schema":{"@context":"https:\/\/schema.org","@graph":[{"@type":"Article","@id":"https:\/\/essc-online.de\/v1\/wettkampf-in-duisburg-und-essen\/#article","isPartOf":{"@id":"https:\/\/essc-online.de\/v1\/wettkampf-in-duisburg-und-essen\/"},"author":{"name":"Frank Bender","@id":"https:\/\/essc-online.de\/v1\/#\/schema\/person\/31e43f8b9643670c68448a910ae1dcc4"},"headline":"Wettkampf in Duisburg und Essen","datePublished":"2026-05-02T21:08:15+00:00","dateModified":"2026-05-02T21:08:18+00:00","mainEntityOfPage":{"@id":"https:\/\/essc-online.de\/v1\/wettkampf-in-duisburg-und-essen\/"},"wordCount":322,"publisher":{"@id":"https:\/\/essc-online.de\/v1\/#organization"},"articleSection":["Aktuelles","Schwimmsport","Wettkampfschwimmen 2026"],"inLanguage":"de"},{"@type":"WebPage","@id":"https:\/\/essc-online.de\/v1\/wettkampf-in-duisburg-und-essen\/","url":"https:\/\/essc-online.de\/v1\/wettkampf-in-duisburg-und-essen\/","name":"Wettkampf in Duisburg und Essen - Erster Sodener Schwimm-Club 1927 e.V.","isPartOf":{"@id":"https:\/\/essc-online.de\/v1\/#website"},"datePublished":"2026-05-02T21:08:15+00:00","dateModified":"2026-05-02T21:08:18+00:00","breadcrumb":{"@id":"https:\/\/essc-online.de\/v1\/wettkampf-in-duisburg-und-essen\/#breadcrumb"},"inLanguage":"de","potentialAction":[{"@type":"ReadAction","target":["https:\/\/essc-online.de\/v1\/wettkampf-in-duisburg-und-essen\/"]}]},{"@type":"BreadcrumbList","@id":"https:\/\/essc-online.de\/v1\/wettkampf-in-duisburg-und-essen\/#breadcrumb","itemListElement":[{"@type":"ListItem","position":1,"name":"Startseite","item":"https:\/\/essc-online.de\/v1\/"},{"@type":"ListItem","position":2,"name":"Wettkampf in Duisburg und Essen"}]},{"@type":"WebSite","@id":"https:\/\/essc-online.de\/v1\/#website","url":"https:\/\/essc-online.de\/v1\/","name":"Erster Sodener Schwimm-Club 1927 e.V.","description":"","publisher":{"@id":"https:\/\/essc-online.de\/v1\/#organization"},"potentialAction":[{"@type":"SearchAction","target":{"@type":"EntryPoint","urlTemplate":"https:\/\/essc-online.de\/v1\/?s={search_term_string}"},"query-input":{"@type":"PropertyValueSpecification","valueRequired":true,"valueName":"search_term_string"}}],"inLanguage":"de"},{"@type":"Organization","@id":"https:\/\/essc-online.de\/v1\/#organization","name":"Erster Sodener Schwimm-Club 1927 e.V.","url":"https:\/\/essc-online.de\/v1\/","logo":{"@type":"ImageObject","inLanguage":"de","@id":"https:\/\/essc-online.de\/v1\/#\/schema\/logo\/image\/","url":"https:\/\/i0.wp.com\/essc-online.de\/v1\/wp-content\/uploads\/2025\/12\/Logo_ESSC.png?fit=640%2C193&ssl=1","contentUrl":"https:\/\/i0.wp.com\/essc-online.de\/v1\/wp-content\/uploads\/2025\/12\/Logo_ESSC.png?fit=640%2C193&ssl=1","width":640,"height":193,"caption":"Erster Sodener Schwimm-Club 1927 e.V."},"image":{"@id":"https:\/\/essc-online.de\/v1\/#\/schema\/logo\/image\/"}},{"@type":"Person","@id":"https:\/\/essc-online.de\/v1\/#\/schema\/person\/31e43f8b9643670c68448a910ae1dcc4","name":"Frank Bender","image":{"@type":"ImageObject","inLanguage":"de","@id":"https:\/\/secure.gravatar.com\/avatar\/64c823cc3cf6656e3d4344f8cd7255fd7e47af8f1c60cf5ecae694d9dab25099?s=96&d=mm&r=g","url":"https:\/\/secure.gravatar.com\/avatar\/64c823cc3cf6656e3d4344f8cd7255fd7e47af8f1c60cf5ecae694d9dab25099?s=96&d=mm&r=g","contentUrl":"https:\/\/secure.gravatar.com\/avatar\/64c823cc3cf6656e3d4344f8cd7255fd7e47af8f1c60cf5ecae694d9dab25099?s=96&d=mm&r=g","caption":"Frank Bender"},"url":"https:\/\/essc-online.de\/v1\/author\/fb\/"}]}},"jetpack_featured_media_url":"","jetpack_sharing_enabled":true,"_links":{"self":[{"href":"https:\/\/essc-online.de\/v1\/wp-json\/wp\/v2\/posts\/2429","targetHints":{"allow":["GET"]}}],"collection":[{"href":"https:\/\/essc-online.de\/v1\/wp-json\/wp\/v2\/posts"}],"about":[{"href":"https:\/\/essc-online.de\/v1\/wp-json\/wp\/v2\/types\/post"}],"author":[{"embeddable":true,"href":"https:\/\/essc-online.de\/v1\/wp-json\/wp\/v2\/users\/7"}],"replies":[{"embeddable":true,"href":"https:\/\/essc-online.de\/v1\/wp-json\/wp\/v2\/comments?post=2429"}],"version-history":[{"count":1,"href":"https:\/\/essc-online.de\/v1\/wp-json\/wp\/v2\/posts\/2429\/revisions"}],"predecessor-version":[{"id":2430,"href":"https:\/\/essc-online.de\/v1\/wp-json\/wp\/v2\/posts\/2429\/revisions\/2430"}],"wp:attachment":[{"href":"https:\/\/essc-online.de\/v1\/wp-json\/wp\/v2\/media?parent=2429"}],"wp:term":[{"taxonomy":"category","embeddable":true,"href":"https:\/\/essc-online.de\/v1\/wp-json\/wp\/v2\/categories?post=2429"},{"taxonomy":"post_tag","embeddable":true,"href":"https:\/\/essc-online.de\/v1\/wp-json\/wp\/v2\/tags?post=2429"}],"curies":[{"name":"wp","href":"https:\/\/api.w.org\/{rel}","templated":true}]}}