{"id":2432,"date":"2026-05-02T23:09:36","date_gmt":"2026-05-02T21:09:36","guid":{"rendered":"https:\/\/essc-online.de\/v1\/?p=2432"},"modified":"2026-05-02T23:09:38","modified_gmt":"2026-05-02T21:09:38","slug":"internationaler-nikar-cup-2026-vom-06-03-2026-bis-08-03-2026-in-heidelberg","status":"publish","type":"post","link":"https:\/\/essc-online.de\/v1\/internationaler-nikar-cup-2026-vom-06-03-2026-bis-08-03-2026-in-heidelberg\/","title":{"rendered":"Internationaler Nikar-Cup 2026 vom 06.03.2026 bis 08.03.2026 in Heidelberg"},"content":{"rendered":"\n<p>Achtzehn Aktive fuhren Anfang M\u00e4rz von Fr bis Sonntag nach Heidelberg zur n\u00e4chsten \u201eRoad to DJM\u201c Veranstaltung. Seit dieser Saison ist es nur auf einem dieser speziellen Wettk\u00e4mpfe m\u00f6glich, sich f\u00fcr die Deutschen Jahrgangsmeisterschaften zu qualifizieren. Ben Blasche nutzte \u00fcber seine Paradestrecke \u2013 50m Brust &#8211; die Chance durch das Unterbieten der Pflichtzeit, f\u00fcr Berlin (DJM) planen zu k\u00f6nnen.<br>Weitere gute Ergebnisse in Heidelberg mit teils Bestzeiten erzielten: Leopold Demel, Louisa Falk, Maja Gedeon, Alexander Golze, Marie Gorzolla, Domino Hendriks, Yun Joo, Eva Keller, Julius Koch, Leonard Kunz, Luise Kunz, Helena Lattek, Selma Markgraf, Anton Piro, Emma R\u00fcter, Nazar Shupylo und Florian Wiese<\/p>\n","protected":false},"excerpt":{"rendered":"<p>Achtzehn Aktive fuhren Anfang M\u00e4rz von Fr bis Sonntag nach Heidelberg zur n\u00e4chsten \u201eRoad to DJM\u201c Veranstaltung. Seit dieser Saison ist es nur auf einem dieser speziellen Wettk\u00e4mpfe m\u00f6glich, sich f\u00fcr die Deutschen Jahrgangsmeisterschaften zu qualifizieren. Ben Blasche nutzte \u00fcber &hellip;<\/p>\n<p class=\"read-more\"> <a class=\"more-link\" href=\"https:\/\/essc-online.de\/v1\/internationaler-nikar-cup-2026-vom-06-03-2026-bis-08-03-2026-in-heidelberg\/\"> <span class=\"screen-reader-text\">Internationaler Nikar-Cup 2026 vom 06.03.2026 bis 08.03.2026 in Heidelberg<\/span> Weiterlesen &raquo;<\/a><\/p>\n","protected":false},"author":7,"featured_media":0,"comment_status":"closed","ping_status":"open","sticky":false,"template":"","format":"standard","meta":{"_jetpack_memberships_contains_paid_content":false,"footnotes":""},"categories":[3,32,31],"tags":[],"class_list":["post-2432","post","type-post","status-publish","format-standard","hentry","category-aktuelles","category-schwimmsport","category-wettkampfschwimmen-2026"],"yoast_head":"<!-- This site is optimized with the Yoast SEO plugin v27.5 - https:\/\/yoast.com\/product\/yoast-seo-wordpress\/ -->\n<title>Internationaler Nikar-Cup 2026 vom 06.03.2026 bis 08.03.2026 in Heidelberg - Erster Sodener Schwimm-Club 1927 e.V.<\/title>\n<meta name=\"robots\" content=\"index, follow, max-snippet:-1, max-image-preview:large, max-video-preview:-1\" \/>\n<link rel=\"canonical\" href=\"https:\/\/essc-online.de\/v1\/internationaler-nikar-cup-2026-vom-06-03-2026-bis-08-03-2026-in-heidelberg\/\" \/>\n<meta property=\"og:locale\" content=\"de_DE\" \/>\n<meta property=\"og:type\" content=\"article\" \/>\n<meta property=\"og:title\" content=\"Internationaler Nikar-Cup 2026 vom 06.03.2026 bis 08.03.2026 in Heidelberg - Erster Sodener Schwimm-Club 1927 e.V.\" \/>\n<meta property=\"og:description\" content=\"Achtzehn Aktive fuhren Anfang M\u00e4rz von Fr bis Sonntag nach Heidelberg zur n\u00e4chsten \u201eRoad to DJM\u201c Veranstaltung. Seit dieser Saison ist es nur auf einem dieser speziellen Wettk\u00e4mpfe m\u00f6glich, sich f\u00fcr die Deutschen Jahrgangsmeisterschaften zu qualifizieren. Ben Blasche nutzte \u00fcber &hellip; Internationaler Nikar-Cup 2026 vom 06.03.2026 bis 08.03.2026 in Heidelberg Weiterlesen &raquo;\" \/>\n<meta property=\"og:url\" content=\"https:\/\/essc-online.de\/v1\/internationaler-nikar-cup-2026-vom-06-03-2026-bis-08-03-2026-in-heidelberg\/\" \/>\n<meta property=\"og:site_name\" content=\"Erster Sodener Schwimm-Club 1927 e.V.\" \/>\n<meta property=\"article:published_time\" content=\"2026-05-02T21:09:36+00:00\" \/>\n<meta property=\"article:modified_time\" content=\"2026-05-02T21:09:38+00:00\" \/>\n<meta name=\"author\" content=\"Frank Bender\" \/>\n<meta name=\"twitter:card\" content=\"summary_large_image\" \/>\n<meta name=\"twitter:label1\" content=\"Verfasst von\" \/>\n\t<meta name=\"twitter:data1\" content=\"Frank Bender\" \/>\n\t<meta name=\"twitter:label2\" content=\"Gesch\u00e4tzte Lesezeit\" \/>\n\t<meta name=\"twitter:data2\" content=\"1\u00a0Minute\" \/>\n<script type=\"application\/ld+json\" class=\"yoast-schema-graph\">{\"@context\":\"https:\\\/\\\/schema.org\",\"@graph\":[{\"@type\":\"Article\",\"@id\":\"https:\\\/\\\/essc-online.de\\\/v1\\\/internationaler-nikar-cup-2026-vom-06-03-2026-bis-08-03-2026-in-heidelberg\\\/#article\",\"isPartOf\":{\"@id\":\"https:\\\/\\\/essc-online.de\\\/v1\\\/internationaler-nikar-cup-2026-vom-06-03-2026-bis-08-03-2026-in-heidelberg\\\/\"},\"author\":{\"name\":\"Frank Bender\",\"@id\":\"https:\\\/\\\/essc-online.de\\\/v1\\\/#\\\/schema\\\/person\\\/31e43f8b9643670c68448a910ae1dcc4\"},\"headline\":\"Internationaler Nikar-Cup 2026 vom 06.03.2026 bis 08.03.2026 in Heidelberg\",\"datePublished\":\"2026-05-02T21:09:36+00:00\",\"dateModified\":\"2026-05-02T21:09:38+00:00\",\"mainEntityOfPage\":{\"@id\":\"https:\\\/\\\/essc-online.de\\\/v1\\\/internationaler-nikar-cup-2026-vom-06-03-2026-bis-08-03-2026-in-heidelberg\\\/\"},\"wordCount\":116,\"publisher\":{\"@id\":\"https:\\\/\\\/essc-online.de\\\/v1\\\/#organization\"},\"articleSection\":[\"Aktuelles\",\"Schwimmsport\",\"Wettkampfschwimmen 2026\"],\"inLanguage\":\"de\"},{\"@type\":\"WebPage\",\"@id\":\"https:\\\/\\\/essc-online.de\\\/v1\\\/internationaler-nikar-cup-2026-vom-06-03-2026-bis-08-03-2026-in-heidelberg\\\/\",\"url\":\"https:\\\/\\\/essc-online.de\\\/v1\\\/internationaler-nikar-cup-2026-vom-06-03-2026-bis-08-03-2026-in-heidelberg\\\/\",\"name\":\"Internationaler Nikar-Cup 2026 vom 06.03.2026 bis 08.03.2026 in Heidelberg - Erster Sodener Schwimm-Club 1927 e.V.\",\"isPartOf\":{\"@id\":\"https:\\\/\\\/essc-online.de\\\/v1\\\/#website\"},\"datePublished\":\"2026-05-02T21:09:36+00:00\",\"dateModified\":\"2026-05-02T21:09:38+00:00\",\"breadcrumb\":{\"@id\":\"https:\\\/\\\/essc-online.de\\\/v1\\\/internationaler-nikar-cup-2026-vom-06-03-2026-bis-08-03-2026-in-heidelberg\\\/#breadcrumb\"},\"inLanguage\":\"de\",\"potentialAction\":[{\"@type\":\"ReadAction\",\"target\":[\"https:\\\/\\\/essc-online.de\\\/v1\\\/internationaler-nikar-cup-2026-vom-06-03-2026-bis-08-03-2026-in-heidelberg\\\/\"]}]},{\"@type\":\"BreadcrumbList\",\"@id\":\"https:\\\/\\\/essc-online.de\\\/v1\\\/internationaler-nikar-cup-2026-vom-06-03-2026-bis-08-03-2026-in-heidelberg\\\/#breadcrumb\",\"itemListElement\":[{\"@type\":\"ListItem\",\"position\":1,\"name\":\"Startseite\",\"item\":\"https:\\\/\\\/essc-online.de\\\/v1\\\/\"},{\"@type\":\"ListItem\",\"position\":2,\"name\":\"Internationaler Nikar-Cup 2026 vom 06.03.2026 bis 08.03.2026 in Heidelberg\"}]},{\"@type\":\"WebSite\",\"@id\":\"https:\\\/\\\/essc-online.de\\\/v1\\\/#website\",\"url\":\"https:\\\/\\\/essc-online.de\\\/v1\\\/\",\"name\":\"Erster Sodener Schwimm-Club 1927 e.V.\",\"description\":\"\",\"publisher\":{\"@id\":\"https:\\\/\\\/essc-online.de\\\/v1\\\/#organization\"},\"potentialAction\":[{\"@type\":\"SearchAction\",\"target\":{\"@type\":\"EntryPoint\",\"urlTemplate\":\"https:\\\/\\\/essc-online.de\\\/v1\\\/?s={search_term_string}\"},\"query-input\":{\"@type\":\"PropertyValueSpecification\",\"valueRequired\":true,\"valueName\":\"search_term_string\"}}],\"inLanguage\":\"de\"},{\"@type\":\"Organization\",\"@id\":\"https:\\\/\\\/essc-online.de\\\/v1\\\/#organization\",\"name\":\"Erster Sodener Schwimm-Club 1927 e.V.\",\"url\":\"https:\\\/\\\/essc-online.de\\\/v1\\\/\",\"logo\":{\"@type\":\"ImageObject\",\"inLanguage\":\"de\",\"@id\":\"https:\\\/\\\/essc-online.de\\\/v1\\\/#\\\/schema\\\/logo\\\/image\\\/\",\"url\":\"https:\\\/\\\/i0.wp.com\\\/essc-online.de\\\/v1\\\/wp-content\\\/uploads\\\/2025\\\/12\\\/Logo_ESSC.png?fit=640%2C193&ssl=1\",\"contentUrl\":\"https:\\\/\\\/i0.wp.com\\\/essc-online.de\\\/v1\\\/wp-content\\\/uploads\\\/2025\\\/12\\\/Logo_ESSC.png?fit=640%2C193&ssl=1\",\"width\":640,\"height\":193,\"caption\":\"Erster Sodener Schwimm-Club 1927 e.V.\"},\"image\":{\"@id\":\"https:\\\/\\\/essc-online.de\\\/v1\\\/#\\\/schema\\\/logo\\\/image\\\/\"}},{\"@type\":\"Person\",\"@id\":\"https:\\\/\\\/essc-online.de\\\/v1\\\/#\\\/schema\\\/person\\\/31e43f8b9643670c68448a910ae1dcc4\",\"name\":\"Frank Bender\",\"image\":{\"@type\":\"ImageObject\",\"inLanguage\":\"de\",\"@id\":\"https:\\\/\\\/secure.gravatar.com\\\/avatar\\\/64c823cc3cf6656e3d4344f8cd7255fd7e47af8f1c60cf5ecae694d9dab25099?s=96&d=mm&r=g\",\"url\":\"https:\\\/\\\/secure.gravatar.com\\\/avatar\\\/64c823cc3cf6656e3d4344f8cd7255fd7e47af8f1c60cf5ecae694d9dab25099?s=96&d=mm&r=g\",\"contentUrl\":\"https:\\\/\\\/secure.gravatar.com\\\/avatar\\\/64c823cc3cf6656e3d4344f8cd7255fd7e47af8f1c60cf5ecae694d9dab25099?s=96&d=mm&r=g\",\"caption\":\"Frank Bender\"},\"url\":\"https:\\\/\\\/essc-online.de\\\/v1\\\/author\\\/fb\\\/\"}]}<\/script>\n<!-- \/ Yoast SEO plugin. -->","yoast_head_json":{"title":"Internationaler Nikar-Cup 2026 vom 06.03.2026 bis 08.03.2026 in Heidelberg - Erster Sodener Schwimm-Club 1927 e.V.","robots":{"index":"index","follow":"follow","max-snippet":"max-snippet:-1","max-image-preview":"max-image-preview:large","max-video-preview":"max-video-preview:-1"},"canonical":"https:\/\/essc-online.de\/v1\/internationaler-nikar-cup-2026-vom-06-03-2026-bis-08-03-2026-in-heidelberg\/","og_locale":"de_DE","og_type":"article","og_title":"Internationaler Nikar-Cup 2026 vom 06.03.2026 bis 08.03.2026 in Heidelberg - Erster Sodener Schwimm-Club 1927 e.V.","og_description":"Achtzehn Aktive fuhren Anfang M\u00e4rz von Fr bis Sonntag nach Heidelberg zur n\u00e4chsten \u201eRoad to DJM\u201c Veranstaltung. Seit dieser Saison ist es nur auf einem dieser speziellen Wettk\u00e4mpfe m\u00f6glich, sich f\u00fcr die Deutschen Jahrgangsmeisterschaften zu qualifizieren. Ben Blasche nutzte \u00fcber &hellip; Internationaler Nikar-Cup 2026 vom 06.03.2026 bis 08.03.2026 in Heidelberg Weiterlesen &raquo;","og_url":"https:\/\/essc-online.de\/v1\/internationaler-nikar-cup-2026-vom-06-03-2026-bis-08-03-2026-in-heidelberg\/","og_site_name":"Erster Sodener Schwimm-Club 1927 e.V.","article_published_time":"2026-05-02T21:09:36+00:00","article_modified_time":"2026-05-02T21:09:38+00:00","author":"Frank Bender","twitter_card":"summary_large_image","twitter_misc":{"Verfasst von":"Frank Bender","Gesch\u00e4tzte Lesezeit":"1\u00a0Minute"},"schema":{"@context":"https:\/\/schema.org","@graph":[{"@type":"Article","@id":"https:\/\/essc-online.de\/v1\/internationaler-nikar-cup-2026-vom-06-03-2026-bis-08-03-2026-in-heidelberg\/#article","isPartOf":{"@id":"https:\/\/essc-online.de\/v1\/internationaler-nikar-cup-2026-vom-06-03-2026-bis-08-03-2026-in-heidelberg\/"},"author":{"name":"Frank Bender","@id":"https:\/\/essc-online.de\/v1\/#\/schema\/person\/31e43f8b9643670c68448a910ae1dcc4"},"headline":"Internationaler Nikar-Cup 2026 vom 06.03.2026 bis 08.03.2026 in Heidelberg","datePublished":"2026-05-02T21:09:36+00:00","dateModified":"2026-05-02T21:09:38+00:00","mainEntityOfPage":{"@id":"https:\/\/essc-online.de\/v1\/internationaler-nikar-cup-2026-vom-06-03-2026-bis-08-03-2026-in-heidelberg\/"},"wordCount":116,"publisher":{"@id":"https:\/\/essc-online.de\/v1\/#organization"},"articleSection":["Aktuelles","Schwimmsport","Wettkampfschwimmen 2026"],"inLanguage":"de"},{"@type":"WebPage","@id":"https:\/\/essc-online.de\/v1\/internationaler-nikar-cup-2026-vom-06-03-2026-bis-08-03-2026-in-heidelberg\/","url":"https:\/\/essc-online.de\/v1\/internationaler-nikar-cup-2026-vom-06-03-2026-bis-08-03-2026-in-heidelberg\/","name":"Internationaler Nikar-Cup 2026 vom 06.03.2026 bis 08.03.2026 in Heidelberg - Erster Sodener Schwimm-Club 1927 e.V.","isPartOf":{"@id":"https:\/\/essc-online.de\/v1\/#website"},"datePublished":"2026-05-02T21:09:36+00:00","dateModified":"2026-05-02T21:09:38+00:00","breadcrumb":{"@id":"https:\/\/essc-online.de\/v1\/internationaler-nikar-cup-2026-vom-06-03-2026-bis-08-03-2026-in-heidelberg\/#breadcrumb"},"inLanguage":"de","potentialAction":[{"@type":"ReadAction","target":["https:\/\/essc-online.de\/v1\/internationaler-nikar-cup-2026-vom-06-03-2026-bis-08-03-2026-in-heidelberg\/"]}]},{"@type":"BreadcrumbList","@id":"https:\/\/essc-online.de\/v1\/internationaler-nikar-cup-2026-vom-06-03-2026-bis-08-03-2026-in-heidelberg\/#breadcrumb","itemListElement":[{"@type":"ListItem","position":1,"name":"Startseite","item":"https:\/\/essc-online.de\/v1\/"},{"@type":"ListItem","position":2,"name":"Internationaler Nikar-Cup 2026 vom 06.03.2026 bis 08.03.2026 in Heidelberg"}]},{"@type":"WebSite","@id":"https:\/\/essc-online.de\/v1\/#website","url":"https:\/\/essc-online.de\/v1\/","name":"Erster Sodener Schwimm-Club 1927 e.V.","description":"","publisher":{"@id":"https:\/\/essc-online.de\/v1\/#organization"},"potentialAction":[{"@type":"SearchAction","target":{"@type":"EntryPoint","urlTemplate":"https:\/\/essc-online.de\/v1\/?s={search_term_string}"},"query-input":{"@type":"PropertyValueSpecification","valueRequired":true,"valueName":"search_term_string"}}],"inLanguage":"de"},{"@type":"Organization","@id":"https:\/\/essc-online.de\/v1\/#organization","name":"Erster Sodener Schwimm-Club 1927 e.V.","url":"https:\/\/essc-online.de\/v1\/","logo":{"@type":"ImageObject","inLanguage":"de","@id":"https:\/\/essc-online.de\/v1\/#\/schema\/logo\/image\/","url":"https:\/\/i0.wp.com\/essc-online.de\/v1\/wp-content\/uploads\/2025\/12\/Logo_ESSC.png?fit=640%2C193&ssl=1","contentUrl":"https:\/\/i0.wp.com\/essc-online.de\/v1\/wp-content\/uploads\/2025\/12\/Logo_ESSC.png?fit=640%2C193&ssl=1","width":640,"height":193,"caption":"Erster Sodener Schwimm-Club 1927 e.V."},"image":{"@id":"https:\/\/essc-online.de\/v1\/#\/schema\/logo\/image\/"}},{"@type":"Person","@id":"https:\/\/essc-online.de\/v1\/#\/schema\/person\/31e43f8b9643670c68448a910ae1dcc4","name":"Frank Bender","image":{"@type":"ImageObject","inLanguage":"de","@id":"https:\/\/secure.gravatar.com\/avatar\/64c823cc3cf6656e3d4344f8cd7255fd7e47af8f1c60cf5ecae694d9dab25099?s=96&d=mm&r=g","url":"https:\/\/secure.gravatar.com\/avatar\/64c823cc3cf6656e3d4344f8cd7255fd7e47af8f1c60cf5ecae694d9dab25099?s=96&d=mm&r=g","contentUrl":"https:\/\/secure.gravatar.com\/avatar\/64c823cc3cf6656e3d4344f8cd7255fd7e47af8f1c60cf5ecae694d9dab25099?s=96&d=mm&r=g","caption":"Frank Bender"},"url":"https:\/\/essc-online.de\/v1\/author\/fb\/"}]}},"jetpack_featured_media_url":"","jetpack_sharing_enabled":true,"_links":{"self":[{"href":"https:\/\/essc-online.de\/v1\/wp-json\/wp\/v2\/posts\/2432","targetHints":{"allow":["GET"]}}],"collection":[{"href":"https:\/\/essc-online.de\/v1\/wp-json\/wp\/v2\/posts"}],"about":[{"href":"https:\/\/essc-online.de\/v1\/wp-json\/wp\/v2\/types\/post"}],"author":[{"embeddable":true,"href":"https:\/\/essc-online.de\/v1\/wp-json\/wp\/v2\/users\/7"}],"replies":[{"embeddable":true,"href":"https:\/\/essc-online.de\/v1\/wp-json\/wp\/v2\/comments?post=2432"}],"version-history":[{"count":1,"href":"https:\/\/essc-online.de\/v1\/wp-json\/wp\/v2\/posts\/2432\/revisions"}],"predecessor-version":[{"id":2433,"href":"https:\/\/essc-online.de\/v1\/wp-json\/wp\/v2\/posts\/2432\/revisions\/2433"}],"wp:attachment":[{"href":"https:\/\/essc-online.de\/v1\/wp-json\/wp\/v2\/media?parent=2432"}],"wp:term":[{"taxonomy":"category","embeddable":true,"href":"https:\/\/essc-online.de\/v1\/wp-json\/wp\/v2\/categories?post=2432"},{"taxonomy":"post_tag","embeddable":true,"href":"https:\/\/essc-online.de\/v1\/wp-json\/wp\/v2\/tags?post=2432"}],"curies":[{"name":"wp","href":"https:\/\/api.w.org\/{rel}","templated":true}]}}