{"id":2436,"date":"2026-05-02T23:13:02","date_gmt":"2026-05-02T21:13:02","guid":{"rendered":"https:\/\/essc-online.de\/v1\/?p=2436"},"modified":"2026-05-02T23:13:05","modified_gmt":"2026-05-02T21:13:05","slug":"wiesbadener-fruehjahrsschwimmfest","status":"publish","type":"post","link":"https:\/\/essc-online.de\/v1\/wiesbadener-fruehjahrsschwimmfest\/","title":{"rendered":"Wiesbadener Fr\u00fchjahrsschwimmfest"},"content":{"rendered":"\n<p>Am vergangenen Wochenende fand das Wiesbadener Fr\u00fchjahrsschwimmfest statt. Der Wettkampf war ausgerichtet auf die j\u00fcngeren und j\u00fcngsten Sportler, erm\u00f6glichte aber auch Aktiven aller Altersklassen noch Zeiten f\u00fcr die hessischen Meisterschaften oder auch die Bezirksmeisterschaften, die wir dieses Jahr in Bad Soden Mitte Mai ausrichten, zu erreichen.<\/p>\n\n\n\n<p>Der Wettkampf bot gerade vielen unsere ganz jungen Nachwuchstalente die M\u00f6glichkeit, Wettkampfluft zu schnuppern. Besonders sch\u00f6n, war, dass sie dabei tatkr\u00e4ftig von den erfahreneren Schwimmer*innen und Betreuern unterst\u00fctzt wurden.<\/p>\n\n\n\n<p>Insgesamt war die SG Soden Kelkheim mit 61 Schwimmer*innen ganze 230-mal am Start, sammelte 44 Gold-, 48 Silber- und 37 Bronzemedaillen. Erfreulicherweise wurden auch noch einige Qualifikationszeiten f\u00fcr die Meisterschaften auf Landes- und Bezirksebene geknackt.<\/p>\n\n\n\n<p>Erfolgreich dabei waren: Arya Alanyali, Nea Benner, Luka Bevanda, Nele-Sophie Buchwald, Oliver de la Lama Seeberg, Agatha Denisovich, Agnes Denisovich, Jonathan Els\u00e4sser, Emil Filchev, Yoana Filcheva, Diego Flach, Maria Golze, Henry Gorzolla, Jakob Gr\u00fcnter, Leonie Habets, Timo Habets, Mads Hachenburger, Frida Hanauer, Connor Healy, Theo Healy, Domino Hendriks, Claudia H\u00fcgel, Alayna Johnston, Helena Kallwitz, Lino Kang, Eva Keller, Clara Koch, Charlotte Krawietz, Julius Krawietz, Kai Kretschmer, Mareike Ladiges, Leonard Landwehrmann, Karl Lauber, Paul Lauber, Emanuel Lebkichler, Peiyu Luo, Victoria Mangiras, Malik Martinovic, Laurenz Meier, Athrina Nikkhah, Maja Pillmayer, Amy Ronge, Helena R\u00f6ska, Carl Schulze Grotthoff, Hannah Schwarze, Christopher Sielecki, Lina Spilling, Arya Stryck, Selim Tartar, Oleksandra Veres, Vira Veres, Johanna von Cleef, Jan Wallat, Til Wallat, Evi Wendt, Tim Werner, Julia Wiedemann, David Wiederhold, Jakob Wiederhold, Maximilian Winkler und Vincent W\u00f6rner.<\/p>\n","protected":false},"excerpt":{"rendered":"<p>Am vergangenen Wochenende fand das Wiesbadener Fr\u00fchjahrsschwimmfest statt. Der Wettkampf war ausgerichtet auf die j\u00fcngeren und j\u00fcngsten Sportler, erm\u00f6glichte aber auch Aktiven aller Altersklassen noch Zeiten f\u00fcr die hessischen Meisterschaften oder auch die Bezirksmeisterschaften, die wir dieses Jahr in Bad &hellip;<\/p>\n<p class=\"read-more\"> <a class=\"more-link\" href=\"https:\/\/essc-online.de\/v1\/wiesbadener-fruehjahrsschwimmfest\/\"> <span class=\"screen-reader-text\">Wiesbadener Fr\u00fchjahrsschwimmfest<\/span> Weiterlesen &raquo;<\/a><\/p>\n","protected":false},"author":7,"featured_media":0,"comment_status":"closed","ping_status":"open","sticky":false,"template":"","format":"standard","meta":{"_jetpack_memberships_contains_paid_content":false,"footnotes":""},"categories":[3,32,31],"tags":[],"class_list":["post-2436","post","type-post","status-publish","format-standard","hentry","category-aktuelles","category-schwimmsport","category-wettkampfschwimmen-2026"],"yoast_head":"<!-- This site is optimized with the Yoast SEO plugin v27.5 - https:\/\/yoast.com\/product\/yoast-seo-wordpress\/ -->\n<title>Wiesbadener Fr\u00fchjahrsschwimmfest - Erster Sodener Schwimm-Club 1927 e.V.<\/title>\n<meta name=\"robots\" content=\"index, follow, max-snippet:-1, max-image-preview:large, max-video-preview:-1\" \/>\n<link rel=\"canonical\" href=\"https:\/\/essc-online.de\/v1\/wiesbadener-fruehjahrsschwimmfest\/\" \/>\n<meta property=\"og:locale\" content=\"de_DE\" \/>\n<meta property=\"og:type\" content=\"article\" \/>\n<meta property=\"og:title\" content=\"Wiesbadener Fr\u00fchjahrsschwimmfest - Erster Sodener Schwimm-Club 1927 e.V.\" \/>\n<meta property=\"og:description\" content=\"Am vergangenen Wochenende fand das Wiesbadener Fr\u00fchjahrsschwimmfest statt. Der Wettkampf war ausgerichtet auf die j\u00fcngeren und j\u00fcngsten Sportler, erm\u00f6glichte aber auch Aktiven aller Altersklassen noch Zeiten f\u00fcr die hessischen Meisterschaften oder auch die Bezirksmeisterschaften, die wir dieses Jahr in Bad &hellip; Wiesbadener Fr\u00fchjahrsschwimmfest Weiterlesen &raquo;\" \/>\n<meta property=\"og:url\" content=\"https:\/\/essc-online.de\/v1\/wiesbadener-fruehjahrsschwimmfest\/\" \/>\n<meta property=\"og:site_name\" content=\"Erster Sodener Schwimm-Club 1927 e.V.\" \/>\n<meta property=\"article:published_time\" content=\"2026-05-02T21:13:02+00:00\" \/>\n<meta property=\"article:modified_time\" content=\"2026-05-02T21:13:05+00:00\" \/>\n<meta name=\"author\" content=\"Frank Bender\" \/>\n<meta name=\"twitter:card\" content=\"summary_large_image\" \/>\n<meta name=\"twitter:label1\" content=\"Verfasst von\" \/>\n\t<meta name=\"twitter:data1\" content=\"Frank Bender\" \/>\n\t<meta name=\"twitter:label2\" content=\"Gesch\u00e4tzte Lesezeit\" \/>\n\t<meta name=\"twitter:data2\" content=\"2\u00a0Minuten\" \/>\n<script type=\"application\/ld+json\" class=\"yoast-schema-graph\">{\"@context\":\"https:\\\/\\\/schema.org\",\"@graph\":[{\"@type\":\"Article\",\"@id\":\"https:\\\/\\\/essc-online.de\\\/v1\\\/wiesbadener-fruehjahrsschwimmfest\\\/#article\",\"isPartOf\":{\"@id\":\"https:\\\/\\\/essc-online.de\\\/v1\\\/wiesbadener-fruehjahrsschwimmfest\\\/\"},\"author\":{\"name\":\"Frank Bender\",\"@id\":\"https:\\\/\\\/essc-online.de\\\/v1\\\/#\\\/schema\\\/person\\\/31e43f8b9643670c68448a910ae1dcc4\"},\"headline\":\"Wiesbadener Fr\u00fchjahrsschwimmfest\",\"datePublished\":\"2026-05-02T21:13:02+00:00\",\"dateModified\":\"2026-05-02T21:13:05+00:00\",\"mainEntityOfPage\":{\"@id\":\"https:\\\/\\\/essc-online.de\\\/v1\\\/wiesbadener-fruehjahrsschwimmfest\\\/\"},\"wordCount\":257,\"publisher\":{\"@id\":\"https:\\\/\\\/essc-online.de\\\/v1\\\/#organization\"},\"articleSection\":[\"Aktuelles\",\"Schwimmsport\",\"Wettkampfschwimmen 2026\"],\"inLanguage\":\"de\"},{\"@type\":\"WebPage\",\"@id\":\"https:\\\/\\\/essc-online.de\\\/v1\\\/wiesbadener-fruehjahrsschwimmfest\\\/\",\"url\":\"https:\\\/\\\/essc-online.de\\\/v1\\\/wiesbadener-fruehjahrsschwimmfest\\\/\",\"name\":\"Wiesbadener Fr\u00fchjahrsschwimmfest - Erster Sodener Schwimm-Club 1927 e.V.\",\"isPartOf\":{\"@id\":\"https:\\\/\\\/essc-online.de\\\/v1\\\/#website\"},\"datePublished\":\"2026-05-02T21:13:02+00:00\",\"dateModified\":\"2026-05-02T21:13:05+00:00\",\"breadcrumb\":{\"@id\":\"https:\\\/\\\/essc-online.de\\\/v1\\\/wiesbadener-fruehjahrsschwimmfest\\\/#breadcrumb\"},\"inLanguage\":\"de\",\"potentialAction\":[{\"@type\":\"ReadAction\",\"target\":[\"https:\\\/\\\/essc-online.de\\\/v1\\\/wiesbadener-fruehjahrsschwimmfest\\\/\"]}]},{\"@type\":\"BreadcrumbList\",\"@id\":\"https:\\\/\\\/essc-online.de\\\/v1\\\/wiesbadener-fruehjahrsschwimmfest\\\/#breadcrumb\",\"itemListElement\":[{\"@type\":\"ListItem\",\"position\":1,\"name\":\"Startseite\",\"item\":\"https:\\\/\\\/essc-online.de\\\/v1\\\/\"},{\"@type\":\"ListItem\",\"position\":2,\"name\":\"Wiesbadener Fr\u00fchjahrsschwimmfest\"}]},{\"@type\":\"WebSite\",\"@id\":\"https:\\\/\\\/essc-online.de\\\/v1\\\/#website\",\"url\":\"https:\\\/\\\/essc-online.de\\\/v1\\\/\",\"name\":\"Erster Sodener Schwimm-Club 1927 e.V.\",\"description\":\"\",\"publisher\":{\"@id\":\"https:\\\/\\\/essc-online.de\\\/v1\\\/#organization\"},\"potentialAction\":[{\"@type\":\"SearchAction\",\"target\":{\"@type\":\"EntryPoint\",\"urlTemplate\":\"https:\\\/\\\/essc-online.de\\\/v1\\\/?s={search_term_string}\"},\"query-input\":{\"@type\":\"PropertyValueSpecification\",\"valueRequired\":true,\"valueName\":\"search_term_string\"}}],\"inLanguage\":\"de\"},{\"@type\":\"Organization\",\"@id\":\"https:\\\/\\\/essc-online.de\\\/v1\\\/#organization\",\"name\":\"Erster Sodener Schwimm-Club 1927 e.V.\",\"url\":\"https:\\\/\\\/essc-online.de\\\/v1\\\/\",\"logo\":{\"@type\":\"ImageObject\",\"inLanguage\":\"de\",\"@id\":\"https:\\\/\\\/essc-online.de\\\/v1\\\/#\\\/schema\\\/logo\\\/image\\\/\",\"url\":\"https:\\\/\\\/i0.wp.com\\\/essc-online.de\\\/v1\\\/wp-content\\\/uploads\\\/2025\\\/12\\\/Logo_ESSC.png?fit=640%2C193&ssl=1\",\"contentUrl\":\"https:\\\/\\\/i0.wp.com\\\/essc-online.de\\\/v1\\\/wp-content\\\/uploads\\\/2025\\\/12\\\/Logo_ESSC.png?fit=640%2C193&ssl=1\",\"width\":640,\"height\":193,\"caption\":\"Erster Sodener Schwimm-Club 1927 e.V.\"},\"image\":{\"@id\":\"https:\\\/\\\/essc-online.de\\\/v1\\\/#\\\/schema\\\/logo\\\/image\\\/\"}},{\"@type\":\"Person\",\"@id\":\"https:\\\/\\\/essc-online.de\\\/v1\\\/#\\\/schema\\\/person\\\/31e43f8b9643670c68448a910ae1dcc4\",\"name\":\"Frank Bender\",\"image\":{\"@type\":\"ImageObject\",\"inLanguage\":\"de\",\"@id\":\"https:\\\/\\\/secure.gravatar.com\\\/avatar\\\/64c823cc3cf6656e3d4344f8cd7255fd7e47af8f1c60cf5ecae694d9dab25099?s=96&d=mm&r=g\",\"url\":\"https:\\\/\\\/secure.gravatar.com\\\/avatar\\\/64c823cc3cf6656e3d4344f8cd7255fd7e47af8f1c60cf5ecae694d9dab25099?s=96&d=mm&r=g\",\"contentUrl\":\"https:\\\/\\\/secure.gravatar.com\\\/avatar\\\/64c823cc3cf6656e3d4344f8cd7255fd7e47af8f1c60cf5ecae694d9dab25099?s=96&d=mm&r=g\",\"caption\":\"Frank Bender\"},\"url\":\"https:\\\/\\\/essc-online.de\\\/v1\\\/author\\\/fb\\\/\"}]}<\/script>\n<!-- \/ Yoast SEO plugin. -->","yoast_head_json":{"title":"Wiesbadener Fr\u00fchjahrsschwimmfest - Erster Sodener Schwimm-Club 1927 e.V.","robots":{"index":"index","follow":"follow","max-snippet":"max-snippet:-1","max-image-preview":"max-image-preview:large","max-video-preview":"max-video-preview:-1"},"canonical":"https:\/\/essc-online.de\/v1\/wiesbadener-fruehjahrsschwimmfest\/","og_locale":"de_DE","og_type":"article","og_title":"Wiesbadener Fr\u00fchjahrsschwimmfest - Erster Sodener Schwimm-Club 1927 e.V.","og_description":"Am vergangenen Wochenende fand das Wiesbadener Fr\u00fchjahrsschwimmfest statt. Der Wettkampf war ausgerichtet auf die j\u00fcngeren und j\u00fcngsten Sportler, erm\u00f6glichte aber auch Aktiven aller Altersklassen noch Zeiten f\u00fcr die hessischen Meisterschaften oder auch die Bezirksmeisterschaften, die wir dieses Jahr in Bad &hellip; Wiesbadener Fr\u00fchjahrsschwimmfest Weiterlesen &raquo;","og_url":"https:\/\/essc-online.de\/v1\/wiesbadener-fruehjahrsschwimmfest\/","og_site_name":"Erster Sodener Schwimm-Club 1927 e.V.","article_published_time":"2026-05-02T21:13:02+00:00","article_modified_time":"2026-05-02T21:13:05+00:00","author":"Frank Bender","twitter_card":"summary_large_image","twitter_misc":{"Verfasst von":"Frank Bender","Gesch\u00e4tzte Lesezeit":"2\u00a0Minuten"},"schema":{"@context":"https:\/\/schema.org","@graph":[{"@type":"Article","@id":"https:\/\/essc-online.de\/v1\/wiesbadener-fruehjahrsschwimmfest\/#article","isPartOf":{"@id":"https:\/\/essc-online.de\/v1\/wiesbadener-fruehjahrsschwimmfest\/"},"author":{"name":"Frank Bender","@id":"https:\/\/essc-online.de\/v1\/#\/schema\/person\/31e43f8b9643670c68448a910ae1dcc4"},"headline":"Wiesbadener Fr\u00fchjahrsschwimmfest","datePublished":"2026-05-02T21:13:02+00:00","dateModified":"2026-05-02T21:13:05+00:00","mainEntityOfPage":{"@id":"https:\/\/essc-online.de\/v1\/wiesbadener-fruehjahrsschwimmfest\/"},"wordCount":257,"publisher":{"@id":"https:\/\/essc-online.de\/v1\/#organization"},"articleSection":["Aktuelles","Schwimmsport","Wettkampfschwimmen 2026"],"inLanguage":"de"},{"@type":"WebPage","@id":"https:\/\/essc-online.de\/v1\/wiesbadener-fruehjahrsschwimmfest\/","url":"https:\/\/essc-online.de\/v1\/wiesbadener-fruehjahrsschwimmfest\/","name":"Wiesbadener Fr\u00fchjahrsschwimmfest - Erster Sodener Schwimm-Club 1927 e.V.","isPartOf":{"@id":"https:\/\/essc-online.de\/v1\/#website"},"datePublished":"2026-05-02T21:13:02+00:00","dateModified":"2026-05-02T21:13:05+00:00","breadcrumb":{"@id":"https:\/\/essc-online.de\/v1\/wiesbadener-fruehjahrsschwimmfest\/#breadcrumb"},"inLanguage":"de","potentialAction":[{"@type":"ReadAction","target":["https:\/\/essc-online.de\/v1\/wiesbadener-fruehjahrsschwimmfest\/"]}]},{"@type":"BreadcrumbList","@id":"https:\/\/essc-online.de\/v1\/wiesbadener-fruehjahrsschwimmfest\/#breadcrumb","itemListElement":[{"@type":"ListItem","position":1,"name":"Startseite","item":"https:\/\/essc-online.de\/v1\/"},{"@type":"ListItem","position":2,"name":"Wiesbadener Fr\u00fchjahrsschwimmfest"}]},{"@type":"WebSite","@id":"https:\/\/essc-online.de\/v1\/#website","url":"https:\/\/essc-online.de\/v1\/","name":"Erster Sodener Schwimm-Club 1927 e.V.","description":"","publisher":{"@id":"https:\/\/essc-online.de\/v1\/#organization"},"potentialAction":[{"@type":"SearchAction","target":{"@type":"EntryPoint","urlTemplate":"https:\/\/essc-online.de\/v1\/?s={search_term_string}"},"query-input":{"@type":"PropertyValueSpecification","valueRequired":true,"valueName":"search_term_string"}}],"inLanguage":"de"},{"@type":"Organization","@id":"https:\/\/essc-online.de\/v1\/#organization","name":"Erster Sodener Schwimm-Club 1927 e.V.","url":"https:\/\/essc-online.de\/v1\/","logo":{"@type":"ImageObject","inLanguage":"de","@id":"https:\/\/essc-online.de\/v1\/#\/schema\/logo\/image\/","url":"https:\/\/i0.wp.com\/essc-online.de\/v1\/wp-content\/uploads\/2025\/12\/Logo_ESSC.png?fit=640%2C193&ssl=1","contentUrl":"https:\/\/i0.wp.com\/essc-online.de\/v1\/wp-content\/uploads\/2025\/12\/Logo_ESSC.png?fit=640%2C193&ssl=1","width":640,"height":193,"caption":"Erster Sodener Schwimm-Club 1927 e.V."},"image":{"@id":"https:\/\/essc-online.de\/v1\/#\/schema\/logo\/image\/"}},{"@type":"Person","@id":"https:\/\/essc-online.de\/v1\/#\/schema\/person\/31e43f8b9643670c68448a910ae1dcc4","name":"Frank Bender","image":{"@type":"ImageObject","inLanguage":"de","@id":"https:\/\/secure.gravatar.com\/avatar\/64c823cc3cf6656e3d4344f8cd7255fd7e47af8f1c60cf5ecae694d9dab25099?s=96&d=mm&r=g","url":"https:\/\/secure.gravatar.com\/avatar\/64c823cc3cf6656e3d4344f8cd7255fd7e47af8f1c60cf5ecae694d9dab25099?s=96&d=mm&r=g","contentUrl":"https:\/\/secure.gravatar.com\/avatar\/64c823cc3cf6656e3d4344f8cd7255fd7e47af8f1c60cf5ecae694d9dab25099?s=96&d=mm&r=g","caption":"Frank Bender"},"url":"https:\/\/essc-online.de\/v1\/author\/fb\/"}]}},"jetpack_featured_media_url":"","jetpack_sharing_enabled":true,"_links":{"self":[{"href":"https:\/\/essc-online.de\/v1\/wp-json\/wp\/v2\/posts\/2436","targetHints":{"allow":["GET"]}}],"collection":[{"href":"https:\/\/essc-online.de\/v1\/wp-json\/wp\/v2\/posts"}],"about":[{"href":"https:\/\/essc-online.de\/v1\/wp-json\/wp\/v2\/types\/post"}],"author":[{"embeddable":true,"href":"https:\/\/essc-online.de\/v1\/wp-json\/wp\/v2\/users\/7"}],"replies":[{"embeddable":true,"href":"https:\/\/essc-online.de\/v1\/wp-json\/wp\/v2\/comments?post=2436"}],"version-history":[{"count":1,"href":"https:\/\/essc-online.de\/v1\/wp-json\/wp\/v2\/posts\/2436\/revisions"}],"predecessor-version":[{"id":2437,"href":"https:\/\/essc-online.de\/v1\/wp-json\/wp\/v2\/posts\/2436\/revisions\/2437"}],"wp:attachment":[{"href":"https:\/\/essc-online.de\/v1\/wp-json\/wp\/v2\/media?parent=2436"}],"wp:term":[{"taxonomy":"category","embeddable":true,"href":"https:\/\/essc-online.de\/v1\/wp-json\/wp\/v2\/categories?post=2436"},{"taxonomy":"post_tag","embeddable":true,"href":"https:\/\/essc-online.de\/v1\/wp-json\/wp\/v2\/tags?post=2436"}],"curies":[{"name":"wp","href":"https:\/\/api.w.org\/{rel}","templated":true}]}}